{"id":1042,"date":"2019-02-06T23:44:08","date_gmt":"2019-02-06T22:44:08","guid":{"rendered":"http:\/\/epidaure.org\/WordPress3\/?p=1042"},"modified":"2019-03-18T17:44:32","modified_gmt":"2019-03-18T16:44:32","slug":"15-fevrier-2019-20h-pollution-environnementale-et-detoxication","status":"publish","type":"post","link":"https:\/\/epidaure.org\/WordPress3\/15-fevrier-2019-20h-pollution-environnementale-et-detoxication\/","title":{"rendered":"Vendredi 15 f\u00e9vrier 2019 \u00e0 20h: conf\u00e9rence \u00a0\u00bb Pollution environnementale et d\u00e9toxication\u00a0\u00bb par Claire Laurant et le Dr Sophie Scheffer"},"content":{"rendered":"<p>Conf\u00e9rence \u00ab\u00a0<b><i>Les pollutions environnementales: les diff\u00e9rentes sources, comment se d\u00e9polluer ?<\/i><\/b>\u00a0\u00bb<\/p>\n<p>par <b>Madame Claire Laurant<\/b>, doctorante en ethnobotanique \u00a0et le <b>Dr Sophie Scheffer,<\/b><\/p>\n<p><b>le Vendredi 15 f\u00e9vrier 2019 \u00e0 20h au centre de m\u00e9decine int\u00e9grative Epidaure<\/b><\/p>\n<p>Lieu: rue de la station 17 \u00e0 \u00a01300 Limal<\/p>\n<p>PAF: 10 euros, gratuit pour les \u00e9tudiants<\/p>\n<p>inscription sur <a href=\"mailto:centresantebw@gmail.com\"><b>centresantebw@gmail.com<\/b><\/a><\/p>\n<p>Places limit\u00e9es \u00e0 <b>50 personnes<\/b>.<\/p>\n","protected":false},"excerpt":{"rendered":"<p>Conf\u00e9rence \u00ab\u00a0Les pollutions environnementales: les diff\u00e9rentes sources, comment se d\u00e9polluer ?\u00a0\u00bb par Madame Claire Laurant, doctorante en ethnobotanique \u00a0et le Dr Sophie Scheffer, le Vendredi 15 f\u00e9vrier 2019 \u00e0 20h au centre de m\u00e9decine int\u00e9grative Epidaure Lieu: rue de la station 17 \u00e0 \u00a01300 Limal PAF: 10 euros, gratuit pour les \u00e9tudiants inscription sur centresantebw@gmail.com &#8230; <a title=\"Vendredi 15 f\u00e9vrier 2019 \u00e0 20h: conf\u00e9rence \u00a0\u00bb Pollution environnementale et d\u00e9toxication\u00a0\u00bb par Claire Laurant et le Dr Sophie Scheffer\" class=\"read-more\" href=\"https:\/\/epidaure.org\/WordPress3\/15-fevrier-2019-20h-pollution-environnementale-et-detoxication\/\">Read more<\/a><\/p>\n","protected":false},"author":3,"featured_media":0,"comment_status":"closed","ping_status":"closed","sticky":false,"template":"","format":"standard","meta":[],"categories":[6],"tags":[],"yoast_head":"<!-- This site is optimized with the Yoast SEO plugin v17.3 - https:\/\/yoast.com\/wordpress\/plugins\/seo\/ -->\n<title>Vendredi 15 f\u00e9vrier 2019 \u00e0 20h: conf\u00e9rence &quot; Pollution environnementale et d\u00e9toxication&quot; par Claire Laurant et le Dr Sophie Scheffer - EPIDAURE<\/title>\n<meta name=\"robots\" content=\"index, follow, max-snippet:-1, max-image-preview:large, max-video-preview:-1\" \/>\n<link rel=\"canonical\" href=\"https:\/\/epidaure.org\/WordPress3\/15-fevrier-2019-20h-pollution-environnementale-et-detoxication\/\" \/>\n<meta property=\"og:locale\" content=\"fr_FR\" \/>\n<meta property=\"og:type\" content=\"article\" \/>\n<meta property=\"og:title\" content=\"Vendredi 15 f\u00e9vrier 2019 \u00e0 20h: conf\u00e9rence &quot; Pollution environnementale et d\u00e9toxication&quot; par Claire Laurant et le Dr Sophie Scheffer - EPIDAURE\" \/>\n<meta property=\"og:description\" content=\"Conf\u00e9rence \u00ab\u00a0Les pollutions environnementales: les diff\u00e9rentes sources, comment se d\u00e9polluer ?\u00a0\u00bb par Madame Claire Laurant, doctorante en ethnobotanique \u00a0et le Dr Sophie Scheffer, le Vendredi 15 f\u00e9vrier 2019 \u00e0 20h au centre de m\u00e9decine int\u00e9grative Epidaure Lieu: rue de la station 17 \u00e0 \u00a01300 Limal PAF: 10 euros, gratuit pour les \u00e9tudiants inscription sur centresantebw@gmail.com ... Read more\" \/>\n<meta property=\"og:url\" content=\"https:\/\/epidaure.org\/WordPress3\/15-fevrier-2019-20h-pollution-environnementale-et-detoxication\/\" \/>\n<meta property=\"og:site_name\" content=\"EPIDAURE\" \/>\n<meta property=\"article:published_time\" content=\"2019-02-06T22:44:08+00:00\" \/>\n<meta property=\"article:modified_time\" content=\"2019-03-18T16:44:32+00:00\" \/>\n<meta property=\"og:image\" content=\"http:\/\/epidaure.org\/WordPress3\/wp-content\/uploads\/2019\/02\/pollution-3075857_1280-e1549205036953.jpg\" \/>\n\t<meta property=\"og:image:width\" content=\"1080\" \/>\n\t<meta property=\"og:image:height\" content=\"720\" \/>\n<meta name=\"twitter:card\" content=\"summary_large_image\" \/>\n<meta name=\"twitter:label1\" content=\"\u00c9crit par\" \/>\n\t<meta name=\"twitter:data1\" content=\"Nathalie Poncelet\" \/>\n<script type=\"application\/ld+json\" class=\"yoast-schema-graph\">{\"@context\":\"https:\/\/schema.org\",\"@graph\":[{\"@type\":\"WebSite\",\"@id\":\"https:\/\/epidaure.org\/WordPress3\/#website\",\"url\":\"https:\/\/epidaure.org\/WordPress3\/\",\"name\":\"EPIDAURE\",\"description\":\"Centre de M\\u00e9decine Int\\u00e9grative\",\"potentialAction\":[{\"@type\":\"SearchAction\",\"target\":{\"@type\":\"EntryPoint\",\"urlTemplate\":\"https:\/\/epidaure.org\/WordPress3\/?s={search_term_string}\"},\"query-input\":\"required name=search_term_string\"}],\"inLanguage\":\"fr-FR\"},{\"@type\":\"WebPage\",\"@id\":\"https:\/\/epidaure.org\/WordPress3\/15-fevrier-2019-20h-pollution-environnementale-et-detoxication\/#webpage\",\"url\":\"https:\/\/epidaure.org\/WordPress3\/15-fevrier-2019-20h-pollution-environnementale-et-detoxication\/\",\"name\":\"Vendredi 15 f\\u00e9vrier 2019 \\u00e0 20h: conf\\u00e9rence \\\" Pollution environnementale et d\\u00e9toxication\\\" par Claire Laurant et le Dr Sophie Scheffer - EPIDAURE\",\"isPartOf\":{\"@id\":\"https:\/\/epidaure.org\/WordPress3\/#website\"},\"datePublished\":\"2019-02-06T22:44:08+00:00\",\"dateModified\":\"2019-03-18T16:44:32+00:00\",\"author\":{\"@id\":\"https:\/\/epidaure.org\/WordPress3\/#\/schema\/person\/fd73b7a6e0138cfb73b09fe3ea2721ba\"},\"breadcrumb\":{\"@id\":\"https:\/\/epidaure.org\/WordPress3\/15-fevrier-2019-20h-pollution-environnementale-et-detoxication\/#breadcrumb\"},\"inLanguage\":\"fr-FR\",\"potentialAction\":[{\"@type\":\"ReadAction\",\"target\":[\"https:\/\/epidaure.org\/WordPress3\/15-fevrier-2019-20h-pollution-environnementale-et-detoxication\/\"]}]},{\"@type\":\"BreadcrumbList\",\"@id\":\"https:\/\/epidaure.org\/WordPress3\/15-fevrier-2019-20h-pollution-environnementale-et-detoxication\/#breadcrumb\",\"itemListElement\":[{\"@type\":\"ListItem\",\"position\":1,\"name\":\"Accueil\",\"item\":\"https:\/\/epidaure.org\/WordPress3\/\"},{\"@type\":\"ListItem\",\"position\":2,\"name\":\"Vendredi 15 f\\u00e9vrier 2019 \\u00e0 20h: conf\\u00e9rence \\u00a0\\u00bb Pollution environnementale et d\\u00e9toxication\\u00a0\\u00bb par Claire Laurant et le Dr Sophie Scheffer\"}]},{\"@type\":\"Person\",\"@id\":\"https:\/\/epidaure.org\/WordPress3\/#\/schema\/person\/fd73b7a6e0138cfb73b09fe3ea2721ba\",\"name\":\"Nathalie Poncelet\",\"url\":\"https:\/\/epidaure.org\/WordPress3\/author\/nathalie\/\"}]}<\/script>\n<!-- \/ Yoast SEO plugin. -->","yoast_head_json":{"title":"Vendredi 15 f\u00e9vrier 2019 \u00e0 20h: conf\u00e9rence \" Pollution environnementale et d\u00e9toxication\" par Claire Laurant et le Dr Sophie Scheffer - EPIDAURE","robots":{"index":"index","follow":"follow","max-snippet":"max-snippet:-1","max-image-preview":"max-image-preview:large","max-video-preview":"max-video-preview:-1"},"canonical":"https:\/\/epidaure.org\/WordPress3\/15-fevrier-2019-20h-pollution-environnementale-et-detoxication\/","og_locale":"fr_FR","og_type":"article","og_title":"Vendredi 15 f\u00e9vrier 2019 \u00e0 20h: conf\u00e9rence \" Pollution environnementale et d\u00e9toxication\" par Claire Laurant et le Dr Sophie Scheffer - EPIDAURE","og_description":"Conf\u00e9rence \u00ab\u00a0Les pollutions environnementales: les diff\u00e9rentes sources, comment se d\u00e9polluer ?\u00a0\u00bb par Madame Claire Laurant, doctorante en ethnobotanique \u00a0et le Dr Sophie Scheffer, le Vendredi 15 f\u00e9vrier 2019 \u00e0 20h au centre de m\u00e9decine int\u00e9grative Epidaure Lieu: rue de la station 17 \u00e0 \u00a01300 Limal PAF: 10 euros, gratuit pour les \u00e9tudiants inscription sur centresantebw@gmail.com ... Read more","og_url":"https:\/\/epidaure.org\/WordPress3\/15-fevrier-2019-20h-pollution-environnementale-et-detoxication\/","og_site_name":"EPIDAURE","article_published_time":"2019-02-06T22:44:08+00:00","article_modified_time":"2019-03-18T16:44:32+00:00","og_image":[{"width":1080,"height":720,"url":"http:\/\/epidaure.org\/WordPress3\/wp-content\/uploads\/2019\/02\/pollution-3075857_1280-e1549205036953.jpg","type":"image\/jpeg"}],"twitter_card":"summary_large_image","twitter_misc":{"\u00c9crit par":"Nathalie Poncelet"},"schema":{"@context":"https:\/\/schema.org","@graph":[{"@type":"WebSite","@id":"https:\/\/epidaure.org\/WordPress3\/#website","url":"https:\/\/epidaure.org\/WordPress3\/","name":"EPIDAURE","description":"Centre de M\u00e9decine Int\u00e9grative","potentialAction":[{"@type":"SearchAction","target":{"@type":"EntryPoint","urlTemplate":"https:\/\/epidaure.org\/WordPress3\/?s={search_term_string}"},"query-input":"required name=search_term_string"}],"inLanguage":"fr-FR"},{"@type":"WebPage","@id":"https:\/\/epidaure.org\/WordPress3\/15-fevrier-2019-20h-pollution-environnementale-et-detoxication\/#webpage","url":"https:\/\/epidaure.org\/WordPress3\/15-fevrier-2019-20h-pollution-environnementale-et-detoxication\/","name":"Vendredi 15 f\u00e9vrier 2019 \u00e0 20h: conf\u00e9rence \" Pollution environnementale et d\u00e9toxication\" par Claire Laurant et le Dr Sophie Scheffer - EPIDAURE","isPartOf":{"@id":"https:\/\/epidaure.org\/WordPress3\/#website"},"datePublished":"2019-02-06T22:44:08+00:00","dateModified":"2019-03-18T16:44:32+00:00","author":{"@id":"https:\/\/epidaure.org\/WordPress3\/#\/schema\/person\/fd73b7a6e0138cfb73b09fe3ea2721ba"},"breadcrumb":{"@id":"https:\/\/epidaure.org\/WordPress3\/15-fevrier-2019-20h-pollution-environnementale-et-detoxication\/#breadcrumb"},"inLanguage":"fr-FR","potentialAction":[{"@type":"ReadAction","target":["https:\/\/epidaure.org\/WordPress3\/15-fevrier-2019-20h-pollution-environnementale-et-detoxication\/"]}]},{"@type":"BreadcrumbList","@id":"https:\/\/epidaure.org\/WordPress3\/15-fevrier-2019-20h-pollution-environnementale-et-detoxication\/#breadcrumb","itemListElement":[{"@type":"ListItem","position":1,"name":"Accueil","item":"https:\/\/epidaure.org\/WordPress3\/"},{"@type":"ListItem","position":2,"name":"Vendredi 15 f\u00e9vrier 2019 \u00e0 20h: conf\u00e9rence \u00a0\u00bb Pollution environnementale et d\u00e9toxication\u00a0\u00bb par Claire Laurant et le Dr Sophie Scheffer"}]},{"@type":"Person","@id":"https:\/\/epidaure.org\/WordPress3\/#\/schema\/person\/fd73b7a6e0138cfb73b09fe3ea2721ba","name":"Nathalie Poncelet","url":"https:\/\/epidaure.org\/WordPress3\/author\/nathalie\/"}]}},"_links":{"self":[{"href":"https:\/\/epidaure.org\/WordPress3\/wp-json\/wp\/v2\/posts\/1042"}],"collection":[{"href":"https:\/\/epidaure.org\/WordPress3\/wp-json\/wp\/v2\/posts"}],"about":[{"href":"https:\/\/epidaure.org\/WordPress3\/wp-json\/wp\/v2\/types\/post"}],"author":[{"embeddable":true,"href":"https:\/\/epidaure.org\/WordPress3\/wp-json\/wp\/v2\/users\/3"}],"replies":[{"embeddable":true,"href":"https:\/\/epidaure.org\/WordPress3\/wp-json\/wp\/v2\/comments?post=1042"}],"version-history":[{"count":12,"href":"https:\/\/epidaure.org\/WordPress3\/wp-json\/wp\/v2\/posts\/1042\/revisions"}],"predecessor-version":[{"id":1110,"href":"https:\/\/epidaure.org\/WordPress3\/wp-json\/wp\/v2\/posts\/1042\/revisions\/1110"}],"wp:attachment":[{"href":"https:\/\/epidaure.org\/WordPress3\/wp-json\/wp\/v2\/media?parent=1042"}],"wp:term":[{"taxonomy":"category","embeddable":true,"href":"https:\/\/epidaure.org\/WordPress3\/wp-json\/wp\/v2\/categories?post=1042"},{"taxonomy":"post_tag","embeddable":true,"href":"https:\/\/epidaure.org\/WordPress3\/wp-json\/wp\/v2\/tags?post=1042"}],"curies":[{"name":"wp","href":"https:\/\/api.w.org\/{rel}","templated":true}]}}