{"id":963,"date":"2018-03-27T11:43:27","date_gmt":"2018-03-27T09:43:27","guid":{"rendered":"http:\/\/epidaure.org\/WordPress3\/?p=963"},"modified":"2019-02-03T16:31:17","modified_gmt":"2019-02-03T15:31:17","slug":"9-fevrier-conference-sur-les-ondes-electromagnetiques-et-le-corps-humain","status":"publish","type":"post","link":"https:\/\/epidaure.org\/WordPress3\/9-fevrier-conference-sur-les-ondes-electromagnetiques-et-le-corps-humain\/","title":{"rendered":"9 F\u00e9vrier 2018 &#8211; Conf\u00e9rence sur les ondes \u00e9lectromagn\u00e9tiques et le corps humain"},"content":{"rendered":"<p>Conf\u00e9rence le Vendredi <strong>9 F\u00e9vrier 2018 \u00e0 20h00<\/strong>\u00a0au centre Epidaure pour comprendre la structure \u00e9lectromagn\u00e9tique du corps humain et l&rsquo;impact des ondes \u00e9lectromagn\u00e9tiques sur celui-ci<\/p>\n<p>Comprendre la structure \u00e9lectromagn\u00e9tique du corps humain et comment les ondes \u00e9lectromagn\u00e9tiques \u00e9mises par des appareils comme le Wifi, les Gsm, les \u00e9crans d\u2019ordinateurs, les t\u00e9l\u00e9phones DECT\u2026 peuvent la perturber.<\/p>\n<p><strong>Vendredi 9 f\u00e9vrier 2018 \u00e0 20h au centre de m\u00e9decine int\u00e9grative Epidaure<\/strong><\/p>\n<p>Nous sommes depuis une 20\u00e8 d\u2019ann\u00e9es interconnect\u00e9s par des technologies de communication sans fil de plus en plus rapides, comme internet, smartphones, utilisant des radiofr\u00e9quences puls\u00e9es \u00e0 basse fr\u00e9quence. Leur impact sur la sant\u00e9 de l\u2019\u00eatre humain est sujet \u00e0 controverses. Pourtant de plus en plus de personnes deviennent \u00e9lectrohypersensibles, d\u00e9veloppant des sympt\u00f4mes aussi divers que troubles cognitifs, sensations de br\u00fblures \u00e0 l\u2019int\u00e9rieur du corps, probl\u00e8mes d\u2019\u00e9quilibres. Certains d\u2019entre eux se voient oblig\u00e9s d\u2019arr\u00eater leur travail et\/ou de d\u00e9m\u00e9nager dans des zones blanches, sans \u00e9mission d\u2019ondes comme dans les Hautes Alpes en France.<\/p>\n<p>Pour bien comprendre les risques d\u2019une exposition croissante aux ondes \u00e9lectromagn\u00e9tiques cr\u00e9\u00e9es par l\u2019homme, il est essentiel de comprendre que le corps humain est avant tout \u00e9lectromagn\u00e9tique (que l\u2019on mesure par exemple avec l\u2019EEG (\u00e9lectroenc\u00e9phalogramme), l\u2019ECG (\u00e9lectrocardiogramme), l\u2019EMG (\u00e9lectromyogramme)\u2026) et entre en r\u00e9sonance avec toutes les ondes, naturelles et artificielles, bonnes et mauvaises, qui l\u2019entourent.<\/p>\n<p>Cette conf\u00e9rence sera donn\u00e9e par<strong> 2 intervenants<\/strong>:<\/p>\n<p>\u2013 le <strong>Dr B\u00e9atrice Milbert<\/strong>, sp\u00e9cialiste en France de l\u2019\u00e9lectrohypersensibilit\u00e9 et qui va nous partager les derri\u00e8res recherches sur l\u2019eau dans le vivant<\/p>\n<p>\u2013 <strong>Bernard Pieters<\/strong>, ing\u00e9nieur en Qualit\u00e9 de l\u2019Air, r\u00e9alisant depuis plus de 10 ans des expertises de Sant\u00e9 de l\u2019Habitat au niveau pollutions \u00e9lectromagn\u00e9tiques.<\/p>\n<p>PAF: 10 euros, gratuit pour les \u00e9tudiants<\/p>\n<p>inscription sur <strong>centresantebw@gmail.com<\/strong><\/p>\n<p>Places limit\u00e9es \u00e0 <strong>50 personnes<\/strong>.<\/p>\n","protected":false},"excerpt":{"rendered":"<p>Conf\u00e9rence le Vendredi 9 F\u00e9vrier 2018 \u00e0 20h00\u00a0au centre Epidaure pour comprendre la structure \u00e9lectromagn\u00e9tique du corps humain et l&rsquo;impact des ondes \u00e9lectromagn\u00e9tiques sur celui-ci Comprendre la structure \u00e9lectromagn\u00e9tique du corps humain et comment les ondes \u00e9lectromagn\u00e9tiques \u00e9mises par des appareils comme le Wifi, les Gsm, les \u00e9crans d\u2019ordinateurs, les t\u00e9l\u00e9phones DECT\u2026 peuvent la perturber. &#8230; <a title=\"9 F\u00e9vrier 2018 &#8211; Conf\u00e9rence sur les ondes \u00e9lectromagn\u00e9tiques et le corps humain\" class=\"read-more\" href=\"https:\/\/epidaure.org\/WordPress3\/9-fevrier-conference-sur-les-ondes-electromagnetiques-et-le-corps-humain\/\">Read more<\/a><\/p>\n","protected":false},"author":1,"featured_media":964,"comment_status":"closed","ping_status":"closed","sticky":false,"template":"","format":"standard","meta":[],"categories":[6],"tags":[],"yoast_head":"<!-- This site is optimized with the Yoast SEO plugin v17.3 - https:\/\/yoast.com\/wordpress\/plugins\/seo\/ -->\n<title>9 F\u00e9vrier 2018 - Conf\u00e9rence sur les ondes \u00e9lectromagn\u00e9tiques et le corps humain - EPIDAURE<\/title>\n<meta name=\"robots\" content=\"index, follow, max-snippet:-1, max-image-preview:large, max-video-preview:-1\" \/>\n<link rel=\"canonical\" href=\"https:\/\/epidaure.org\/WordPress3\/9-fevrier-conference-sur-les-ondes-electromagnetiques-et-le-corps-humain\/\" \/>\n<meta property=\"og:locale\" content=\"fr_FR\" \/>\n<meta property=\"og:type\" content=\"article\" \/>\n<meta property=\"og:title\" content=\"9 F\u00e9vrier 2018 - Conf\u00e9rence sur les ondes \u00e9lectromagn\u00e9tiques et le corps humain - EPIDAURE\" \/>\n<meta property=\"og:description\" content=\"Conf\u00e9rence le Vendredi 9 F\u00e9vrier 2018 \u00e0 20h00\u00a0au centre Epidaure pour comprendre la structure \u00e9lectromagn\u00e9tique du corps humain et l&rsquo;impact des ondes \u00e9lectromagn\u00e9tiques sur celui-ci Comprendre la structure \u00e9lectromagn\u00e9tique du corps humain et comment les ondes \u00e9lectromagn\u00e9tiques \u00e9mises par des appareils comme le Wifi, les Gsm, les \u00e9crans d\u2019ordinateurs, les t\u00e9l\u00e9phones DECT\u2026 peuvent la perturber. ... Read more\" \/>\n<meta property=\"og:url\" content=\"https:\/\/epidaure.org\/WordPress3\/9-fevrier-conference-sur-les-ondes-electromagnetiques-et-le-corps-humain\/\" \/>\n<meta property=\"og:site_name\" content=\"EPIDAURE\" \/>\n<meta property=\"article:published_time\" content=\"2018-03-27T09:43:27+00:00\" \/>\n<meta property=\"article:modified_time\" content=\"2019-02-03T15:31:17+00:00\" \/>\n<meta property=\"og:image\" content=\"https:\/\/epidaure.org\/WordPress3\/wp-content\/uploads\/2018\/03\/arton9074.jpg\" \/>\n\t<meta property=\"og:image:width\" content=\"600\" \/>\n\t<meta property=\"og:image:height\" content=\"372\" \/>\n<meta name=\"twitter:card\" content=\"summary_large_image\" \/>\n<meta name=\"twitter:label1\" content=\"\u00c9crit par\" \/>\n\t<meta name=\"twitter:data1\" content=\"admin\" \/>\n\t<meta name=\"twitter:label2\" content=\"Dur\u00e9e de lecture estim\u00e9e\" \/>\n\t<meta name=\"twitter:data2\" content=\"2 minutes\" \/>\n<script type=\"application\/ld+json\" class=\"yoast-schema-graph\">{\"@context\":\"https:\/\/schema.org\",\"@graph\":[{\"@type\":\"WebSite\",\"@id\":\"https:\/\/epidaure.org\/WordPress3\/#website\",\"url\":\"https:\/\/epidaure.org\/WordPress3\/\",\"name\":\"EPIDAURE\",\"description\":\"Centre de M\\u00e9decine Int\\u00e9grative\",\"potentialAction\":[{\"@type\":\"SearchAction\",\"target\":{\"@type\":\"EntryPoint\",\"urlTemplate\":\"https:\/\/epidaure.org\/WordPress3\/?s={search_term_string}\"},\"query-input\":\"required name=search_term_string\"}],\"inLanguage\":\"fr-FR\"},{\"@type\":\"ImageObject\",\"@id\":\"https:\/\/epidaure.org\/WordPress3\/9-fevrier-conference-sur-les-ondes-electromagnetiques-et-le-corps-humain\/#primaryimage\",\"inLanguage\":\"fr-FR\",\"url\":\"https:\/\/epidaure.org\/WordPress3\/wp-content\/uploads\/2018\/03\/arton9074.jpg\",\"contentUrl\":\"https:\/\/epidaure.org\/WordPress3\/wp-content\/uploads\/2018\/03\/arton9074.jpg\",\"width\":600,\"height\":372},{\"@type\":\"WebPage\",\"@id\":\"https:\/\/epidaure.org\/WordPress3\/9-fevrier-conference-sur-les-ondes-electromagnetiques-et-le-corps-humain\/#webpage\",\"url\":\"https:\/\/epidaure.org\/WordPress3\/9-fevrier-conference-sur-les-ondes-electromagnetiques-et-le-corps-humain\/\",\"name\":\"9 F\\u00e9vrier 2018 - Conf\\u00e9rence sur les ondes \\u00e9lectromagn\\u00e9tiques et le corps humain - EPIDAURE\",\"isPartOf\":{\"@id\":\"https:\/\/epidaure.org\/WordPress3\/#website\"},\"primaryImageOfPage\":{\"@id\":\"https:\/\/epidaure.org\/WordPress3\/9-fevrier-conference-sur-les-ondes-electromagnetiques-et-le-corps-humain\/#primaryimage\"},\"datePublished\":\"2018-03-27T09:43:27+00:00\",\"dateModified\":\"2019-02-03T15:31:17+00:00\",\"author\":{\"@id\":\"https:\/\/epidaure.org\/WordPress3\/#\/schema\/person\/d43605ef0d5681c1b27a4ba1fede1cf4\"},\"breadcrumb\":{\"@id\":\"https:\/\/epidaure.org\/WordPress3\/9-fevrier-conference-sur-les-ondes-electromagnetiques-et-le-corps-humain\/#breadcrumb\"},\"inLanguage\":\"fr-FR\",\"potentialAction\":[{\"@type\":\"ReadAction\",\"target\":[\"https:\/\/epidaure.org\/WordPress3\/9-fevrier-conference-sur-les-ondes-electromagnetiques-et-le-corps-humain\/\"]}]},{\"@type\":\"BreadcrumbList\",\"@id\":\"https:\/\/epidaure.org\/WordPress3\/9-fevrier-conference-sur-les-ondes-electromagnetiques-et-le-corps-humain\/#breadcrumb\",\"itemListElement\":[{\"@type\":\"ListItem\",\"position\":1,\"name\":\"Accueil\",\"item\":\"https:\/\/epidaure.org\/WordPress3\/\"},{\"@type\":\"ListItem\",\"position\":2,\"name\":\"9 F\\u00e9vrier 2018 &#8211; Conf\\u00e9rence sur les ondes \\u00e9lectromagn\\u00e9tiques et le corps humain\"}]},{\"@type\":\"Person\",\"@id\":\"https:\/\/epidaure.org\/WordPress3\/#\/schema\/person\/d43605ef0d5681c1b27a4ba1fede1cf4\",\"name\":\"admin\",\"url\":\"https:\/\/epidaure.org\/WordPress3\/author\/admin\/\"}]}<\/script>\n<!-- \/ Yoast SEO plugin. -->","yoast_head_json":{"title":"9 F\u00e9vrier 2018 - Conf\u00e9rence sur les ondes \u00e9lectromagn\u00e9tiques et le corps humain - EPIDAURE","robots":{"index":"index","follow":"follow","max-snippet":"max-snippet:-1","max-image-preview":"max-image-preview:large","max-video-preview":"max-video-preview:-1"},"canonical":"https:\/\/epidaure.org\/WordPress3\/9-fevrier-conference-sur-les-ondes-electromagnetiques-et-le-corps-humain\/","og_locale":"fr_FR","og_type":"article","og_title":"9 F\u00e9vrier 2018 - Conf\u00e9rence sur les ondes \u00e9lectromagn\u00e9tiques et le corps humain - EPIDAURE","og_description":"Conf\u00e9rence le Vendredi 9 F\u00e9vrier 2018 \u00e0 20h00\u00a0au centre Epidaure pour comprendre la structure \u00e9lectromagn\u00e9tique du corps humain et l&rsquo;impact des ondes \u00e9lectromagn\u00e9tiques sur celui-ci Comprendre la structure \u00e9lectromagn\u00e9tique du corps humain et comment les ondes \u00e9lectromagn\u00e9tiques \u00e9mises par des appareils comme le Wifi, les Gsm, les \u00e9crans d\u2019ordinateurs, les t\u00e9l\u00e9phones DECT\u2026 peuvent la perturber. ... Read more","og_url":"https:\/\/epidaure.org\/WordPress3\/9-fevrier-conference-sur-les-ondes-electromagnetiques-et-le-corps-humain\/","og_site_name":"EPIDAURE","article_published_time":"2018-03-27T09:43:27+00:00","article_modified_time":"2019-02-03T15:31:17+00:00","og_image":[{"width":600,"height":372,"url":"https:\/\/epidaure.org\/WordPress3\/wp-content\/uploads\/2018\/03\/arton9074.jpg","type":"image\/jpeg"}],"twitter_card":"summary_large_image","twitter_misc":{"\u00c9crit par":"admin","Dur\u00e9e de lecture estim\u00e9e":"2 minutes"},"schema":{"@context":"https:\/\/schema.org","@graph":[{"@type":"WebSite","@id":"https:\/\/epidaure.org\/WordPress3\/#website","url":"https:\/\/epidaure.org\/WordPress3\/","name":"EPIDAURE","description":"Centre de M\u00e9decine Int\u00e9grative","potentialAction":[{"@type":"SearchAction","target":{"@type":"EntryPoint","urlTemplate":"https:\/\/epidaure.org\/WordPress3\/?s={search_term_string}"},"query-input":"required name=search_term_string"}],"inLanguage":"fr-FR"},{"@type":"ImageObject","@id":"https:\/\/epidaure.org\/WordPress3\/9-fevrier-conference-sur-les-ondes-electromagnetiques-et-le-corps-humain\/#primaryimage","inLanguage":"fr-FR","url":"https:\/\/epidaure.org\/WordPress3\/wp-content\/uploads\/2018\/03\/arton9074.jpg","contentUrl":"https:\/\/epidaure.org\/WordPress3\/wp-content\/uploads\/2018\/03\/arton9074.jpg","width":600,"height":372},{"@type":"WebPage","@id":"https:\/\/epidaure.org\/WordPress3\/9-fevrier-conference-sur-les-ondes-electromagnetiques-et-le-corps-humain\/#webpage","url":"https:\/\/epidaure.org\/WordPress3\/9-fevrier-conference-sur-les-ondes-electromagnetiques-et-le-corps-humain\/","name":"9 F\u00e9vrier 2018 - Conf\u00e9rence sur les ondes \u00e9lectromagn\u00e9tiques et le corps humain - EPIDAURE","isPartOf":{"@id":"https:\/\/epidaure.org\/WordPress3\/#website"},"primaryImageOfPage":{"@id":"https:\/\/epidaure.org\/WordPress3\/9-fevrier-conference-sur-les-ondes-electromagnetiques-et-le-corps-humain\/#primaryimage"},"datePublished":"2018-03-27T09:43:27+00:00","dateModified":"2019-02-03T15:31:17+00:00","author":{"@id":"https:\/\/epidaure.org\/WordPress3\/#\/schema\/person\/d43605ef0d5681c1b27a4ba1fede1cf4"},"breadcrumb":{"@id":"https:\/\/epidaure.org\/WordPress3\/9-fevrier-conference-sur-les-ondes-electromagnetiques-et-le-corps-humain\/#breadcrumb"},"inLanguage":"fr-FR","potentialAction":[{"@type":"ReadAction","target":["https:\/\/epidaure.org\/WordPress3\/9-fevrier-conference-sur-les-ondes-electromagnetiques-et-le-corps-humain\/"]}]},{"@type":"BreadcrumbList","@id":"https:\/\/epidaure.org\/WordPress3\/9-fevrier-conference-sur-les-ondes-electromagnetiques-et-le-corps-humain\/#breadcrumb","itemListElement":[{"@type":"ListItem","position":1,"name":"Accueil","item":"https:\/\/epidaure.org\/WordPress3\/"},{"@type":"ListItem","position":2,"name":"9 F\u00e9vrier 2018 &#8211; Conf\u00e9rence sur les ondes \u00e9lectromagn\u00e9tiques et le corps humain"}]},{"@type":"Person","@id":"https:\/\/epidaure.org\/WordPress3\/#\/schema\/person\/d43605ef0d5681c1b27a4ba1fede1cf4","name":"admin","url":"https:\/\/epidaure.org\/WordPress3\/author\/admin\/"}]}},"_links":{"self":[{"href":"https:\/\/epidaure.org\/WordPress3\/wp-json\/wp\/v2\/posts\/963"}],"collection":[{"href":"https:\/\/epidaure.org\/WordPress3\/wp-json\/wp\/v2\/posts"}],"about":[{"href":"https:\/\/epidaure.org\/WordPress3\/wp-json\/wp\/v2\/types\/post"}],"author":[{"embeddable":true,"href":"https:\/\/epidaure.org\/WordPress3\/wp-json\/wp\/v2\/users\/1"}],"replies":[{"embeddable":true,"href":"https:\/\/epidaure.org\/WordPress3\/wp-json\/wp\/v2\/comments?post=963"}],"version-history":[{"count":4,"href":"https:\/\/epidaure.org\/WordPress3\/wp-json\/wp\/v2\/posts\/963\/revisions"}],"predecessor-version":[{"id":1053,"href":"https:\/\/epidaure.org\/WordPress3\/wp-json\/wp\/v2\/posts\/963\/revisions\/1053"}],"wp:featuredmedia":[{"embeddable":true,"href":"https:\/\/epidaure.org\/WordPress3\/wp-json\/wp\/v2\/media\/964"}],"wp:attachment":[{"href":"https:\/\/epidaure.org\/WordPress3\/wp-json\/wp\/v2\/media?parent=963"}],"wp:term":[{"taxonomy":"category","embeddable":true,"href":"https:\/\/epidaure.org\/WordPress3\/wp-json\/wp\/v2\/categories?post=963"},{"taxonomy":"post_tag","embeddable":true,"href":"https:\/\/epidaure.org\/WordPress3\/wp-json\/wp\/v2\/tags?post=963"}],"curies":[{"name":"wp","href":"https:\/\/api.w.org\/{rel}","templated":true}]}}